[{"@context":"https:\/\/schema.org\/","@type":"Article","@id":"https:\/\/www.ahaba.cz\/privitejte-jarni-trendy\/#Article","mainEntityOfPage":"https:\/\/www.ahaba.cz\/privitejte-jarni-trendy\/","headline":"P\u0159iv\u00edtejte jarn\u00ed trendy","name":"P\u0159iv\u00edtejte jarn\u00ed trendy","description":"Vpus\u0165te barvy do sv\u00e9ho \u0161atn\u00edku! K\u00a0popul\u00e1rn\u00edm jarn\u00edm odst\u00edn\u016fm bude pat\u0159it \u010derven\u00e1, modr\u00e1 a \u0161ed\u00e1. Va\u0161\u00ed obl\u00edbenou barvou se mo\u017en\u00e1 stane \u017elut\u00e1, kter\u00e1 [&hellip;]","datePublished":"2018-12-15","dateModified":"2023-05-01","author":{"@type":"Person","@id":"https:\/\/www.ahaba.cz\/author\/#Person","name":"","url":"https:\/\/www.ahaba.cz\/author\/","identifier":1,"image":{"@type":"ImageObject","@id":"https:\/\/secure.gravatar.com\/avatar\/f7320ca526354d2794ceb75173050bfa147af8617816df401a16569341b5fbaf?s=96&d=mm&r=g","url":"https:\/\/secure.gravatar.com\/avatar\/f7320ca526354d2794ceb75173050bfa147af8617816df401a16569341b5fbaf?s=96&d=mm&r=g","height":96,"width":96}},"publisher":{"@type":"Organization","name":"ahaba.cz","logo":{"@type":"ImageObject","@id":"\/logo.png","url":"\/logo.png","width":600,"height":60}},"image":{"@type":"ImageObject","@id":"https:\/\/www.ahaba.cz\/wp-content\/uploads\/img_a331970_w2709_t1544474595.jpg","url":"https:\/\/www.ahaba.cz\/wp-content\/uploads\/img_a331970_w2709_t1544474595.jpg","height":0,"width":0},"url":"https:\/\/www.ahaba.cz\/privitejte-jarni-trendy\/","about":["Zbo\u017e\u00ed"],"wordCount":459,"articleBody":"Vpus\u0165te barvy do sv\u00e9ho \u0161atn\u00edku! K\u00a0popul\u00e1rn\u00edm jarn\u00edm odst\u00edn\u016fm bude pat\u0159it \u010derven\u00e1, modr\u00e1 a \u0161ed\u00e1. Va\u0161\u00ed obl\u00edbenou barvou se mo\u017en\u00e1 stane \u017elut\u00e1, kter\u00e1 v\u00a0\u0161atn\u00edku vyst\u0159\u00edd\u00e1 ho\u0159\u010dicov\u011b \u017elut\u00e9 kousky z\u00a0leto\u0161n\u00edho podzimu a zimy. Konven\u010dn\u00ed \u010dernob\u00edl\u00e1 kombinace se objev\u00ed v\u00a0nov\u00fdch variac\u00edch. Prou\u017eek, kostka, etno i geometrick\u00fd vzor, zv\u00ed\u0159ec\u00ed a rostlinn\u00e9 motivy \u2013 to je jen \u010d\u00e1st z\u00a0mnoha zaj\u00edmav\u00fdch seskupen\u00ed, kter\u00e9 tyto barvy nab\u00edzej\u00ed. Dopl\u0148te je p\u00e1skem \u010di kabelkou ve v\u00fdrazn\u00fdch barv\u00e1ch. Do bohat\u00e9 barevn\u00e9 palety na jaro p\u0159idejte v\u00ednovou, \u010dokol\u00e1dovou a kor\u00e1lovou a m\u00e1te z\u00a0\u010deho vyb\u00edrat. Kovov\u00fd lesk va\u0161\u00ed garderob\u011b dodaj\u00ed metalick\u00e9 barvy, zvl\u00e1\u0161t\u011b obl\u00edben\u00e9 odst\u00edny zlat\u00e9.Bohat\u00e9 potisky se zv\u00ed\u0159ec\u00edmi a rostlinn\u00fdmi motivy z\u016fstanou v\u011brn\u00e9 na\u0161emu \u0161atn\u00edku i v\u00a0nadch\u00e1zej\u00edc\u00ed sez\u00f3n\u011b. \u00a0Pokud jste si nepo\u0159\u00eddili pruhovan\u00e9 oble\u010den\u00ed u\u017e letos, pak nev\u00e1hejte. Nejen \u017ee je nad\u010dasov\u00e9, ale pom\u016f\u017ee skr\u00fdt drobn\u00e9 i v\u011bt\u0161\u00ed nedokonalosti postavy. S\u00a0kv\u011btinov\u00fdmi potisky se setk\u00e1me na \u0161atech, kalhot\u00e1ch, ko\u0161il\u00edch i halenk\u00e1ch.Na v\u00fdslun\u00ed je st\u00e1le denim v\u010detn\u011b dopl\u0148k\u016f, jako jsou ta\u0161ky a klobouky. T\u00e9m\u011b\u0159 jak\u00fdkoli prvek v\u00a0\u0161atn\u00edku m\u016f\u017ee b\u00fdt vyroben z\u00a0denimu, tak\u017ee na ja\u0159e m\u016f\u017eete obl\u00e9knout d\u017e\u00ednov\u00e9 ko\u0161ile, bundy, vesty, kombin\u00e9zy, \u0161aty a samoz\u0159ejm\u011b d\u017e\u00edny. Nejm\u00f3dn\u011bj\u0161\u00ed budou ty \u00fazk\u00e9 s\u00a0vysok\u00fdm pasem.Eleganci, n\u011bhu a romantiku p\u0159inesou nad\u00fdchan\u00e9 \u0161if\u00f3nov\u00e9 a tylov\u00e9 sukn\u011b, vrstven\u00e9 transparentn\u00ed \u0161aty s\u00a0aplikac\u00ed krajek nebo v\u00fd\u0161ivek, s t\u0159\u00e1sn\u011bmi, flitry, vol\u00e1nky, ale t\u0159eba i s bal\u00f3nov\u00fdmi ruk\u00e1vy. K\u00a0rozmanit\u00fdm st\u0159ih\u016fm a d\u00e9lk\u00e1m sukn\u00ed dodejte bundu z\u00a0k\u016f\u017ee, semi\u0161e \u010di denimu nebo kab\u00e1t voln\u00e9ho st\u0159ihu a m\u00e1te perfektn\u00ed outfit. Mezi va\u0161\u00edm \u0161atstvem nesm\u00ed v\u00a0\u017e\u00e1dn\u00e9m p\u0159\u00edpad\u011b chyb\u011bt pletenina, a\u0165 jde o \u0161aty, vesty, pulovry \u010di svetry. Nezapome\u0148te, zvl\u00e1\u0161t\u011b brzy zjara, na \u0161\u00e1tky nebo i objemn\u011bj\u0161\u00ed \u0161\u00e1ly.Sv\u016fj outfit dot\u00e1hn\u011bte dopl\u0148ky. Mal\u00e9 kabelky i rozm\u011brn\u011bj\u0161\u00ed ta\u0161ky, psan\u00ed\u010dka a crossbody kabelky, pr\u00e1v\u011b tak jako emancipovan\u00e9 d\u00e1msk\u00e9 bat\u016f\u017eky v\u00a0jasn\u00fdch barv\u00e1ch jsou trendy v\u00a0jarn\u00edm obdob\u00ed. A n\u00e1vrat slav\u00ed ledvinky, drobn\u00e9 kabelky upevn\u011bn\u00e9 kolem pasu. Trendem jsou v\u00fdrazn\u00e9 opasky; odv\u00e1\u017en\u00e9 majitelky \u0161t\u00edhl\u00fdch postav uv\u00e1\u017eou p\u00e1sky i p\u0159es svetr, bundu \u010di kab\u00e1t.                                                                                                                                                                                                                                                                                                                                                                                        4.4\/5 - (7 votes)        "},{"@context":"https:\/\/schema.org\/","@type":"BreadcrumbList","itemListElement":[{"@type":"ListItem","position":1,"name":"P\u0159iv\u00edtejte jarn\u00ed trendy","item":"https:\/\/www.ahaba.cz\/privitejte-jarni-trendy\/#breadcrumbitem"}]}]