[{"@context":"https:\/\/schema.org\/","@type":"Article","@id":"https:\/\/www.ahaba.cz\/pamatka-ktera-se-bude-libit\/#Article","mainEntityOfPage":"https:\/\/www.ahaba.cz\/pamatka-ktera-se-bude-libit\/","headline":"Pam\u00e1tka, kter\u00e1 se bude l\u00edbit","name":"Pam\u00e1tka, kter\u00e1 se bude l\u00edbit","description":"Lid\u00e9 st\u00e1rnou, d\u011bti rostou, a ne\u017e se nad\u011bjeme, je v\u0161echno jinak, ne\u017e tomu bylo p\u0159ed p\u00e1r lety. Mnohdy tak \u010dlov\u011bk vzpom\u00edn\u00e1 na [&hellip;]","datePublished":"2017-10-16","dateModified":"2024-01-12","author":{"@type":"Person","@id":"https:\/\/www.ahaba.cz\/author\/#Person","name":"","url":"https:\/\/www.ahaba.cz\/author\/","identifier":1,"image":{"@type":"ImageObject","@id":"https:\/\/secure.gravatar.com\/avatar\/f7320ca526354d2794ceb75173050bfa147af8617816df401a16569341b5fbaf?s=96&d=mm&r=g","url":"https:\/\/secure.gravatar.com\/avatar\/f7320ca526354d2794ceb75173050bfa147af8617816df401a16569341b5fbaf?s=96&d=mm&r=g","height":96,"width":96}},"publisher":{"@type":"Organization","name":"ahaba.cz","logo":{"@type":"ImageObject","@id":"\/logo.png","url":"\/logo.png","width":600,"height":60}},"image":{"@type":"ImageObject","@id":"https:\/\/www.ahaba.cz\/wp-content\/uploads\/img_a301979_w2181_t1512030285.jpg","url":"https:\/\/www.ahaba.cz\/wp-content\/uploads\/img_a301979_w2181_t1512030285.jpg","height":0,"width":0},"url":"https:\/\/www.ahaba.cz\/pamatka-ktera-se-bude-libit\/","about":["Byznys"],"wordCount":438,"articleBody":"        Lid\u00e9 st\u00e1rnou, d\u011bti rostou, a ne\u017e se nad\u011bjeme, je v\u0161echno jinak, ne\u017e tomu bylo p\u0159ed p\u00e1r lety. Mnohdy tak \u010dlov\u011bk vzpom\u00edn\u00e1 na dobu, kdy tomu v\u0161emu bylo jinak. Jestli chcete m\u00edt vzpom\u00ednku i z dne\u0161n\u00edch dn\u016f, na kterou se budete moct za p\u00e1r let pod\u00edvat a p\u0159ipomenout si, co jak\u00e9 bylo, je tu pro V\u00e1s mo\u017enost, kter\u00e1 se V\u00e1m bude hodn\u011b l\u00edbit, na to se m\u016f\u017eete spolehnout.Rodinn\u00e9 fotografie mohou b\u00fdt skute\u010dn\u011b kr\u00e1sn\u00e9 a origin\u00e1ln\u00ed, pokud je nech\u00e1te na n\u011bkom, kdo moc dob\u0159e v\u00ed, co d\u011bl\u00e1. Do rukou se V\u00e1m potom dostanou takov\u00e9 sn\u00edmky, kter\u00e9 V\u00e1s rozhodn\u011b ohrom\u00ed. Pro\u010d toho tedy nevyu\u017e\u00edt? Je to pam\u00e1tka, kterou si za p\u00e1r let v\u017edy r\u00e1di prohl\u00e9dnete.Profesion\u00e1ln\u00ed p\u0159\u00edstup zaru\u010den V\u011b\u0159te tomu, \u017ee se V\u00e1m n\u011bco takov\u00e9ho bude opravdu l\u00edbit, proto\u017ee z\u00edsk\u00e1te takov\u00e9 sn\u00edmky, kter\u00e9 V\u00e1s naprosto ohrom\u00ed. M\u016f\u017eete si je zar\u00e1movat a n\u011bkde vystavit, pop\u0159\u00edpad\u011b darovat sv\u00fdm bl\u00edzk\u00fdm. Jejich vyu\u017eit\u00ed z\u00e1le\u017e\u00ed jenom na V\u00e1s. Cel\u00e9 focen\u00ed ov\u0161em prob\u00edh\u00e1 v p\u0159\u00edjemn\u00e9 a uvoln\u011bn\u00e9 atmosf\u00e9\u0159e, proto\u017ee je db\u00e1no na to, aby byl v\u00fdsledek co nejlep\u0161\u00ed. D\u00edky profesion\u00e1ln\u00edmu p\u0159\u00edstupu a kreativn\u00edm \u0159e\u0161en\u00edm se v\u017edy do\u010dk\u00e1te v\u00fdsledk\u016f, se kter\u00fdmi budete spokojeni, co\u017e je p\u0159eci jenom to, na \u010dem skute\u010dn\u011b z\u00e1le\u017e\u00ed. Pro\u010d tedy takov\u00e9 mo\u017enosti nevyu\u017e\u00edt? Uvid\u00edte, \u017ee nebudete muset ni\u010deho litovat. Na Va\u0161\u00ed spokojenosti z\u00e1le\u017e\u00ed My u\u017e se r\u00e1di postar\u00e1me o to, abyste byli skute\u010dn\u011b spokojeni s t\u00edm, co pro V\u00e1s m\u00e1me. Zajist\u00edme pro V\u00e1s ty nejlep\u0161\u00ed v\u00fdsledky. Z\u00e1le\u017e\u00ed n\u00e1m na tom, aby se ka\u017ed\u00fd c\u00edtil p\u0159i fotografov\u00e1n\u00ed dob\u0159e a spokojen\u011b, proto\u017ee jen tak lze dos\u00e1hnout uvoln\u011bn\u00fdch sn\u00edmk\u016f, kter\u00e9 jsou zaj\u00edmav\u00e9 a origin\u00e1ln\u00ed. D\u00edky n\u00e1m se V\u00e1m tak do rukou dostane jenom to nejlep\u0161\u00ed, proto\u017ee my u\u017e se o to r\u00e1di postar\u00e1me. Kdykoliv se na n\u00e1s tedy obra\u0165te a vyu\u017eijte toho, co tu pro V\u00e1s m\u00e1me. Z\u00edsk\u00e1te pam\u00e1tku, kterou si budete moct prohl\u00e9dnout za mnoho let a zavzpom\u00ednat na to, jak\u00e9 \u010dasy to vlastn\u011b byly.                                                                                                                                                                                                                                                                                                                                                                                          4\/5 - (7 votes)        "},{"@context":"https:\/\/schema.org\/","@type":"BreadcrumbList","itemListElement":[{"@type":"ListItem","position":1,"name":"Pam\u00e1tka, kter\u00e1 se bude l\u00edbit","item":"https:\/\/www.ahaba.cz\/pamatka-ktera-se-bude-libit\/#breadcrumbitem"}]}]