[{"@context":"https:\/\/schema.org\/","@type":"Article","@id":"https:\/\/www.ahaba.cz\/nema-vase-firma-kde-sidlit\/#Article","mainEntityOfPage":"https:\/\/www.ahaba.cz\/nema-vase-firma-kde-sidlit\/","headline":"Nem\u00e1 va\u0161e firma kde s\u00eddlit?","name":"Nem\u00e1 va\u0161e firma kde s\u00eddlit?","description":"Tou\u017e\u00edte se st\u00e1t majitelem a provozovatelem n\u011bjak\u00e9 firmy, ale odrazuje v\u00e1s od toho t\u0159eba skute\u010dnost, \u017ee jste se dozv\u011bd\u011bli, \u017ee va\u0161e firma [&hellip;]","datePublished":"2023-01-15","dateModified":"2023-05-15","author":{"@type":"Person","@id":"https:\/\/www.ahaba.cz\/author\/#Person","name":"","url":"https:\/\/www.ahaba.cz\/author\/","identifier":1,"image":{"@type":"ImageObject","@id":"https:\/\/secure.gravatar.com\/avatar\/f7320ca526354d2794ceb75173050bfa147af8617816df401a16569341b5fbaf?s=96&d=mm&r=g","url":"https:\/\/secure.gravatar.com\/avatar\/f7320ca526354d2794ceb75173050bfa147af8617816df401a16569341b5fbaf?s=96&d=mm&r=g","height":96,"width":96}},"publisher":{"@type":"Organization","name":"ahaba.cz","logo":{"@type":"ImageObject","@id":"\/logo.png","url":"\/logo.png","width":600,"height":60}},"image":{"@type":"ImageObject","@id":"https:\/\/www.ahaba.cz\/wp-content\/uploads\/woman-5678995_960_720_4.jpg","url":"https:\/\/www.ahaba.cz\/wp-content\/uploads\/woman-5678995_960_720_4.jpg","height":0,"width":0},"url":"https:\/\/www.ahaba.cz\/nema-vase-firma-kde-sidlit\/","about":["Byznys"],"wordCount":442,"articleBody":"   Tou\u017e\u00edte se st\u00e1t majitelem a provozovatelem n\u011bjak\u00e9 firmy, ale odrazuje v\u00e1s od toho t\u0159eba skute\u010dnost, \u017ee jste se dozv\u011bd\u011bli, \u017ee va\u0161e firma mus\u00ed m\u00edt nevyhnuteln\u011b s\u00eddlo, pro kter\u00e9 ale vy jako na potvoru nem\u00e1te vhodn\u00fd a dost mo\u017en\u00e1 tak\u00e9 v\u016fbec \u017e\u00e1dn\u00fd objekt? Pak vlastn\u011b ani nen\u00ed divu, \u017ee v\u00e1s tato z\u00e1le\u017eitost tr\u00fdzn\u00ed. Proto\u017ee s\u00eddlo mus\u00ed m\u00edt nevyhnuteln\u011b ka\u017ed\u00e1 firma, bez toho se nelze v \u017e\u00e1dn\u00e9m p\u0159\u00edpad\u011b obej\u00edt. Ka\u017ed\u00fd podnik mus\u00ed m\u00edt takov\u00e9 m\u00edsto, aby byl dohledateln\u00fd, a to jak pro ve\u0159ejnost a potenci\u00e1ln\u00ed z\u00e1kazn\u00edky, tak t\u0159eba i pro \u00fa\u0159ady. A dokud se n\u011bjak\u00e9 to firemn\u00ed s\u00eddlo nese\u017eene, \u017e\u00e1dn\u00fd podnik ani nevznikne. Prost\u011b je to nemo\u017en\u00e9.Ale n\u011bkdo zkr\u00e1tka podnikat chce, ov\u0161em m\u00e1 jenom nemovitost, za kterou by se jako za s\u00eddlo firmy musel styd\u011bt. A n\u011bkdo nem\u00e1 ani tu. A pak se m\u016f\u017ee zd\u00e1t, \u017ee se doty\u010dn\u00fd \u010dlov\u011bk nikdy nebude moci do podnik\u00e1n\u00ed pustit, proto\u017ee zkr\u00e1tka nespln\u00ed jednu ze z\u00e1kladn\u00edch podm\u00ednek. A to m\u016f\u017ee j\u00edt o n\u011bkoho, kdo by m\u011bl jinak i skv\u011bl\u00e9 p\u0159edpoklady st\u00e1t se \u00fasp\u011b\u0161n\u00fdm. A to by byla \u0161koda jak pro n\u011bj, tak i pro celou spole\u010dnost.A proto je t\u0159eba naj\u00edt jin\u00e9 \u0159e\u0161en\u00ed, jak m\u00edt firemn\u00ed s\u00eddlo, kter\u00e9 doty\u010dn\u00fd nem\u00e1. A v\u011b\u0159te mi, \u017ee je to zvl\u00e1dnuteln\u00e9. A to p\u0159ekvapiv\u011b snadno. Tedy za p\u0159edpokladu, \u017ee se doty\u010dn\u00fd spokoj\u00ed se s\u00eddlem takzvan\u011b  http:\/\/www.prolekare.cz\/cesko-slovenska-pediatrie-clanek\/takzvane-problemovy-pacient-40128 virtu\u00e1ln\u00edm.Lidem nab\u00edz\u00ed takov\u00e9 virtu\u00e1ln\u00ed s\u00eddlo spole\u010dnosti Ostrava i jin\u00e1 m\u011bsta a po\u0159\u00eddit si toto nen\u00ed ani slo\u017eit\u00e9, ani drah\u00e9. To se prost\u011b oslov\u00ed majitel\u00e9 n\u011bjak\u00e9 atraktivn\u00ed nemovitosti, kte\u0159\u00ed takovou slu\u017ebu podnikatel\u016fm poskytuj\u00ed, a lze tak z\u00edskat m\u00edsto, kde se d\u00e1 firma i zalo\u017eit, i provozovat. A to m\u00edsto, za kter\u00e9 se rozhodn\u011b nen\u00ed nutno styd\u011bt.A pro\u010d je takov\u00e9 virtu\u00e1ln\u00ed s\u00eddlo v\u00fdhodn\u00e9? T\u0159eba proto, \u017ee se zde d\u00e1 krom\u011b registrace podniku za\u0159\u00eddit i p\u0159\u00edjem a zpracov\u00e1n\u00ed firemn\u00ed po\u0161ty a dal\u0161\u00ed \u00fa\u0159edni\u010dina, lze tu m\u00edt k dispozici konferen\u010dn\u00ed m\u00edstnosti a podobn\u011b, a to ani\u017e by si to tu podnikatel kupoval. Za to se plat\u00ed jenom skoro symbolick\u00e1 cena. Kterou si m\u016f\u017ee dovolit kdokoliv.                                                                                                                                                                                                                                                                                                                                                                                          4.2\/5 - (10 votes)        "},{"@context":"https:\/\/schema.org\/","@type":"BreadcrumbList","itemListElement":[{"@type":"ListItem","position":1,"name":"Nem\u00e1 va\u0161e firma kde s\u00eddlit?","item":"https:\/\/www.ahaba.cz\/nema-vase-firma-kde-sidlit\/#breadcrumbitem"}]}]