[{"@context":"https:\/\/schema.org\/","@type":"Article","@id":"https:\/\/www.ahaba.cz\/co-detem-v-zime-nesmi-chybet-v-satniku\/#Article","mainEntityOfPage":"https:\/\/www.ahaba.cz\/co-detem-v-zime-nesmi-chybet-v-satniku\/","headline":"Co d\u011btem v zim\u011b nesm\u00ed chyb\u011bt v \u0161atn\u00edku?","name":"Co d\u011btem v zim\u011b nesm\u00ed chyb\u011bt v \u0161atn\u00edku?","description":"Bezesporu tepl\u00e9 oble\u010den\u00ed! O tom nen\u00ed \u017e\u00e1dn\u00fdch pochyb. Myslete v\u0161ak na to, \u017ee modern\u00ed doba v\u00e1m nab\u00edz\u00ed i \u0159adu nov\u00fdch druh\u016f oble\u010den\u00ed, [&hellip;]","datePublished":"2020-09-15","dateModified":"2023-05-01","author":{"@type":"Person","@id":"https:\/\/www.ahaba.cz\/author\/#Person","name":"","url":"https:\/\/www.ahaba.cz\/author\/","identifier":1,"image":{"@type":"ImageObject","@id":"https:\/\/secure.gravatar.com\/avatar\/f7320ca526354d2794ceb75173050bfa147af8617816df401a16569341b5fbaf?s=96&d=mm&r=g","url":"https:\/\/secure.gravatar.com\/avatar\/f7320ca526354d2794ceb75173050bfa147af8617816df401a16569341b5fbaf?s=96&d=mm&r=g","height":96,"width":96}},"publisher":{"@type":"Organization","name":"ahaba.cz","logo":{"@type":"ImageObject","@id":"\/logo.png","url":"\/logo.png","width":600,"height":60}},"image":{"@type":"ImageObject","@id":"https:\/\/www.ahaba.cz\/wp-content\/uploads\/img_a329158_w2375_t1541498934.jpg","url":"https:\/\/www.ahaba.cz\/wp-content\/uploads\/img_a329158_w2375_t1541498934.jpg","height":0,"width":0},"url":"https:\/\/www.ahaba.cz\/co-detem-v-zime-nesmi-chybet-v-satniku\/","about":["Zbo\u017e\u00ed"],"wordCount":467,"articleBody":"\tBezesporu tepl\u00e9 oble\u010den\u00ed! O tom nen\u00ed \u017e\u00e1dn\u00fdch pochyb. Myslete v\u0161ak na to, \u017ee modern\u00ed doba v\u00e1m nab\u00edz\u00ed i \u0159adu nov\u00fdch druh\u016f oble\u010den\u00ed, kter\u00e9 va\u0161im d\u011btem m\u016f\u017eete obl\u00e9knout nejen proto, aby byly \u201ein\u201c, ale i z nepop\u00edrateln\u011b velk\u00e9 u\u017eite\u010dnosti, kter\u00e1 se za nimi schov\u00e1v\u00e1.\t\tTERMOPR\u00c1DLO PRO MAL\u00c9 I VELK\u00c9Kdysi nebylo tolik typick\u00e9, aby d\u011bti nosily termopr\u00e1dlo. Tento druh oble\u010den\u00ed se zam\u011b\u0159oval p\u0159edev\u0161\u00edm pro skupinu lid\u00ed, jak\u00fdmi byli sportovci a dosp\u011bl\u00e9 osoby, kter\u00e9 milovali hory. Dnes v\u0161ak se\u017eenete velk\u00fd sortiment termopr\u00e1dla, kter\u00e9 je ur\u010den\u00e9 i pro mal\u00e9 ratolesti.Tak\u017ee nemus\u00edte va\u0161e d\u011bti z\u00e1sobovat mno\u017estv\u00edm oble\u010den\u00ed a vrstvit jich tak, \u017ee se nem\u016f\u017eou ani hnout. M\u00edsto toho jim dop\u0159ejete funk\u010dn\u00ed teplo, na kter\u00e9 u\u017e p\u0159idaj\u00ed jen n\u011bjakou vrstvu. Dokonce m\u016f\u017eete nal\u00e9zt i termopr\u00e1dlo pro miminka, kter\u00fdm poskytne teplo i v p\u0159\u00edpad\u011b, \u017ee budou le\u017eet v kombin\u00e9ze v ko\u010d\u00e1rku.\tOVERALY \u2013 DNES U\u017d PRAKTICK\u00c9Zat\u00edm co se overaly v d\u0159\u00edv\u011bj\u0161\u00ed dob\u011b pova\u017eovaly za zatracovan\u00fd od\u011bv, dnes se na jejich \u00fa\u010delovost d\u00edv\u00e1 pon\u011bkud jinak. Takov\u00fd overal spln\u00ed toti\u017e v\u0161e, co chcete, aby va\u0161emu d\u00edt\u011bti poskytlo pocit tepla. K dispozici m\u00e1te nejen ty venkovn\u00ed a nepromokav\u00e9, ale i nespo\u010det dom\u00e1c\u00edch \u00fabor\u016f a dokonce i py\u017eam na span\u00ed.V sou\u010dasnosti jsou na trhu o n\u011bco v\u00edce vychytan\u011bj\u0161\u00ed typy overal\u016f, kter\u00e9 poskytuj\u00ed v p\u0159\u00edpad\u011b pot\u0159eby na z\u00e1chod, praktick\u00e9 odep\u00edn\u00e1n\u00ed v prostoru rozkroku. Tak\u017ee si nemus\u00edte l\u00e1mat hlavu nad t\u00edm, abyste byli v\u017edy pobl\u00ed\u017e va\u0161eho d\u00edt\u011bte, kdy\u017e si bude cht\u00edt odsko\u010dit na z\u00e1chod.\tPONO\u017dKY, RUKAVICE, \u0160\u00c1LY A \u010cEPICEVybaven\u00ed, bez kter\u00e9ho nem\u016f\u017eete \u017e\u00e1dn\u00e9 d\u00edt\u011b v zim\u011b pustit ven. A abyste m\u011bli jistotu, \u017ee maj\u00ed na sob\u011b kvalitn\u00ed a h\u0159ejiv\u00e9 oble\u010den\u00ed, mus\u00edte se postarat o to, aby bylo co nejlep\u0161\u00ed. Pleten\u00e9 kousky va\u0161im d\u011btem sice poskytnou dostate\u010dn\u00e9 mno\u017estv\u00ed tepla, ale snadnou promoknou a n\u00e1sledn\u011b nespln\u00ed jejich \u00fa\u010del.Pokud chcete m\u00edt jistotu, po\u0159i\u010fte jim kvalitn\u00ed pono\u017eky z bavlny, kter\u00e9 maj\u00ed dvojit\u00e9 dno. Na ruce a hlavu jim nezapom\u00ednejte dop\u0159\u00e1t luxus, v podob\u011b nepromokav\u00fdch a zateplen\u00fdch druh\u016f \u010depic a rukavic.M\u00edsto dlouh\u00e9 \u0161\u00e1ly, kter\u00e1 bude sahat a\u017e po zem, zvolte \u0161ikovn\u011b proveden\u00fd n\u00e1kr\u010dn\u00edk, kter\u00fd budou m\u00edt pouze v oblasti krku a uvid\u00edte, \u017ee va\u0161e d\u011bti budou na zimu p\u0159ipraven\u00e9 nanejv\u00fd\u0161 dokonale!                                                                                                                                                                                                                                                                                                                                                                                        4.7\/5 - (4 votes)        "},{"@context":"https:\/\/schema.org\/","@type":"BreadcrumbList","itemListElement":[{"@type":"ListItem","position":1,"name":"Co d\u011btem v zim\u011b nesm\u00ed chyb\u011bt v \u0161atn\u00edku?","item":"https:\/\/www.ahaba.cz\/co-detem-v-zime-nesmi-chybet-v-satniku\/#breadcrumbitem"}]}]